{"id":5113,"date":"2025-06-11T13:36:11","date_gmt":"2025-06-11T13:36:11","guid":{"rendered":"https:\/\/capsenegal.com\/?p=5113"},"modified":"2025-12-22T10:28:26","modified_gmt":"2025-12-22T10:28:26","slug":"le-port-et-la-douane-vers-les-marches-de-la-performance","status":"publish","type":"post","link":"https:\/\/capsenegal.com\/en\/le-port-et-la-douane-vers-les-marches-de-la-performance\/","title":{"rendered":"LE PORT ET LA DOUANE VERS LES MARCHES DE LA PERFORMANCE"},"content":{"rendered":"<p>Ce mercredi 3 juin 2025, dans la salle de conf\u00e9rence de la Direction G\u00e9n\u00e9rale, le Port Autonome de Dakar (PAD) et la Direction G\u00e9n\u00e9rale des Douanes (DGD) ont scell\u00e9 une double alliance strat\u00e9gique : En effet, deux protocoles d&rsquo;accord ont \u00e9t\u00e9 sign\u00e9s.<\/p>\n<p>C&rsquo;est en pr\u00e9sence de Baba Tall pr\u00e9sident de Cap S\u00e9n\u00e9gal, des Directeurs G\u00e9n\u00e9raux du PAD, de la DGD, que Duba\u00ef Port World (Dakar) et Ga\u00efnd\u00e9 2000 ont sign\u00e9 le premier protocole consacrant la mise en \u0153uvre op\u00e9rationnelle du Guichet Unique par le biais de la plateforme Orbus Infinity. Celle-ci permet :<\/p>\n<ul>\n<li>La d\u00e9mat\u00e9rialisation compl\u00e8te des formalit\u00e9s d&rsquo;enl\u00e8vement des marchandises<\/li>\n<li>L&rsquo;automatisation des \u00e9changes de donn\u00e9es entre les acteurs de la cha\u00eene logistique<\/li>\n<li>La r\u00e9duction significative des d\u00e9lais de traitement et des co\u00fbts op\u00e9rationnels<\/li>\n<li>La s\u00e9curisation des transactions gr\u00e2ce \u00e0 une plateforme int\u00e9gr\u00e9e et tra\u00e7able.\u00a0 \u00a0 \u00a0 \u00a0 \u00a0 \u00a0 \u00a0 \u00a0 \u00a0 \u00a0 \u00a0 \u00a0 \u00a0 \u00a0 \u00a0 \u00a0 \u00a0 \u00a0 \u00a0 \u00a0 \u00a0 \u00a0 \u00a0 \u00a0 \u00a0 \u00a0 \u00a0 \u00a0 \u00a0 \u00a0 \u00a0 \u00a0 \u00a0 \u00a0 \u00a0 \u00a0 \u00a0 \u00a0 \u00a0 \u00a0 \u00a0 \u00a0 \u00a0 \u00a0 \u00a0 \u00a0 \u00a0 \u00a0Elle permettra aussi \u00e0 DP World de mettre en temps r\u00e9el<\/li>\n<li>Les dellivery orders<\/li>\n<li>Les gate pass<\/li>\n<li>Les notifications de sortie<\/li>\n<li>Les rapports d&rsquo;escale\u00a0 \u00a0 \u00a0 \u00a0 \u00a0 \u00a0 \u00a0 \u00a0 \u00a0 \u00a0 \u00a0 \u00a0 \u00a0 \u00a0 \u00a0 \u00a0 \u00a0 \u00a0 \u00a0 \u00a0 \u00a0 \u00a0 \u00a0 \u00a0 \u00a0 \u00a0 \u00a0 \u00a0 \u00a0 \u00a0 \u00a0 \u00a0 \u00a0 \u00a0 \u00a0 \u00a0 \u00a0 \u00a0 \u00a0 \u00a0 \u00a0 \u00a0 \u00a0 \u00a0 \u00a0 \u00a0 \u00a0 \u00a0 \u00a0 \u00a0 \u00a0 \u00a0 \u00a0 \u00a0 \u00a0 \u00a0 \u00a0 \u00a0 \u00a0 \u00a0 \u00a0 \u00a0 \u00a0 \u00a0 \u00a0 \u00a0 \u00a0 \u00a0 \u00a0 \u00a0 \u00a0 \u00a0 \u00a0 \u00a0 \u00a0 \u00a0 \u00a0 \u00a0 \u00a0 \u00a0 \u00a0 \u00a0 \u00a0 \u00a0 \u00a0 \u00a0 \u00a0 \u00a0 \u00a0 \u00a0 \u00a0 \u00a0 Ceci permettra \u00e0 Ga\u00efnd\u00e9 2000 de proc\u00e9der \u00e0 une diffusion rapide des autorisations et informations disponibles.<\/li>\n<\/ul>\n<p>D&rsquo;o\u00f9 la r\u00e9duction drastique des co\u00fbts et des d\u00e9lais.<\/p>\n<p>L&rsquo;usager final b\u00e9n\u00e9ficiera d&rsquo;une meilleure visibilit\u00e9 sur le circuit de la marchandise.<\/p>\n<p>&nbsp;<\/p>\n<p><img decoding=\"async\" class=\"alignnone size-medium wp-image-5118\" src=\"http:\/\/capsenegal.com\/wp-content\/uploads\/2025\/06\/conv-douane-pad-8-300x155.jpeg\" alt=\"\" width=\"300\" height=\"155\" srcset=\"https:\/\/capsenegal.com\/wp-content\/uploads\/2025\/06\/conv-douane-pad-8-300x155.jpeg 300w, https:\/\/capsenegal.com\/wp-content\/uploads\/2025\/06\/conv-douane-pad-8-1024x529.jpeg 1024w, https:\/\/capsenegal.com\/wp-content\/uploads\/2025\/06\/conv-douane-pad-8-768x397.jpeg 768w, https:\/\/capsenegal.com\/wp-content\/uploads\/2025\/06\/conv-douane-pad-8-18x9.jpeg 18w, https:\/\/capsenegal.com\/wp-content\/uploads\/2025\/06\/conv-douane-pad-8.jpeg 1080w\" sizes=\"(max-width: 300px) 100vw, 300px\" \/><\/p>\n<p>Le second protocole institue un cadre de concertation strat\u00e9gique permanent entre le Port et la Douane.<br \/>\nCo-pr\u00e9sid\u00e9 par les deux Directeurs G\u00e9n\u00e9raux, cet organe sera charg\u00e9 de :<br \/>\n&#8211; la transmission des AVARNAV (avis d&rsquo;arriv\u00e9e des navires) ;<br \/>\n&#8211; la transmission des manifestes valid\u00e9s ;<br \/>\n&#8211; les mainlev\u00e9es douani\u00e8res ;<br \/>\n&#8211; la liste des entreprises portuaires ;<br \/>\n&#8211; les rapports d&rsquo;escale ;<br \/>\n&#8211; les autorisations d&rsquo;enl\u00e8vement.<\/p>\n<p>Ces innovations reposent sur des \u00e9changes automatis\u00e9s via API et gratuits avec des fr\u00e9quences allant du temps r\u00e9el \u00e0 24 h.<\/p>\n<p>&nbsp;<\/p>\n<p><img decoding=\"async\" class=\"alignnone size-medium wp-image-5120\" src=\"http:\/\/capsenegal.com\/wp-content\/uploads\/2025\/06\/conv-douane-pad-7-1-300x166.jpeg\" alt=\"\" width=\"300\" height=\"166\" srcset=\"https:\/\/capsenegal.com\/wp-content\/uploads\/2025\/06\/conv-douane-pad-7-1-300x166.jpeg 300w, https:\/\/capsenegal.com\/wp-content\/uploads\/2025\/06\/conv-douane-pad-7-1-1024x566.jpeg 1024w, https:\/\/capsenegal.com\/wp-content\/uploads\/2025\/06\/conv-douane-pad-7-1-768x425.jpeg 768w, https:\/\/capsenegal.com\/wp-content\/uploads\/2025\/06\/conv-douane-pad-7-1-18x10.jpeg 18w, https:\/\/capsenegal.com\/wp-content\/uploads\/2025\/06\/conv-douane-pad-7-1.jpeg 1080w\" sizes=\"(max-width: 300px) 100vw, 300px\" \/><\/p>\n<p>Le PCA du PAD, le Pr Ngouda Mboup a salu\u00e9 cette initiative qui replace l&rsquo;usager au c\u0153ur du service public portuaire. Il salue les r\u00e9formes structurantes port\u00e9es par la Direction G\u00e9n\u00e9rale et leur ancrage dans une logique de comp\u00e9titivit\u00e9.<\/p>\n<p><img fetchpriority=\"high\" decoding=\"async\" class=\"alignnone size-medium wp-image-5121\" src=\"http:\/\/capsenegal.com\/wp-content\/uploads\/2025\/06\/conv-douane-pad-6-300x178.jpeg\" alt=\"\" width=\"300\" height=\"178\" srcset=\"https:\/\/capsenegal.com\/wp-content\/uploads\/2025\/06\/conv-douane-pad-6-300x178.jpeg 300w, https:\/\/capsenegal.com\/wp-content\/uploads\/2025\/06\/conv-douane-pad-6-1024x608.jpeg 1024w, https:\/\/capsenegal.com\/wp-content\/uploads\/2025\/06\/conv-douane-pad-6-768x456.jpeg 768w, https:\/\/capsenegal.com\/wp-content\/uploads\/2025\/06\/conv-douane-pad-6-18x12.jpeg 18w, https:\/\/capsenegal.com\/wp-content\/uploads\/2025\/06\/conv-douane-pad-6.jpeg 1080w\" sizes=\"(max-width: 300px) 100vw, 300px\" \/><img loading=\"lazy\" decoding=\"async\" class=\"alignnone size-medium wp-image-5122\" src=\"http:\/\/capsenegal.com\/wp-content\/uploads\/2025\/06\/conv-douane-pad1-300x164.jpeg\" alt=\"\" width=\"300\" height=\"164\" srcset=\"https:\/\/capsenegal.com\/wp-content\/uploads\/2025\/06\/conv-douane-pad1-300x164.jpeg 300w, https:\/\/capsenegal.com\/wp-content\/uploads\/2025\/06\/conv-douane-pad1-1024x559.jpeg 1024w, https:\/\/capsenegal.com\/wp-content\/uploads\/2025\/06\/conv-douane-pad1-768x420.jpeg 768w, https:\/\/capsenegal.com\/wp-content\/uploads\/2025\/06\/conv-douane-pad1-18x10.jpeg 18w, https:\/\/capsenegal.com\/wp-content\/uploads\/2025\/06\/conv-douane-pad1.jpeg 1080w\" sizes=\"(max-width: 300px) 100vw, 300px\" \/><\/p>\n<p>La Directeur G\u00e9n\u00e9ral des Douanes Monsieur Babacar Mbaye a soulign\u00e9 que le S\u00e9n\u00e9gal doit s&rsquo;armer de solutions technologiques robustes dans le contexte concurrentiel de la Sous-R\u00e9gion. Il a d\u00e9clar\u00e9 que : &lt;&lt; le protocole quadripartite permettra un \u00e9change s\u00e9curis\u00e9 de donn\u00e9es informatis\u00e9es. C&rsquo;est un levier fondamental pour renforcer la position du pays en tant que HUB LOGISTIQUE SOUS-REGIONAL. \ufffc<img loading=\"lazy\" decoding=\"async\" class=\"alignnone size-medium wp-image-5123\" src=\"http:\/\/capsenegal.com\/wp-content\/uploads\/2025\/06\/conv-douane-pad-2-300x200.jpeg\" alt=\"\" width=\"300\" height=\"200\" srcset=\"https:\/\/capsenegal.com\/wp-content\/uploads\/2025\/06\/conv-douane-pad-2-300x200.jpeg 300w, https:\/\/capsenegal.com\/wp-content\/uploads\/2025\/06\/conv-douane-pad-2-1024x683.jpeg 1024w, https:\/\/capsenegal.com\/wp-content\/uploads\/2025\/06\/conv-douane-pad-2-768x512.jpeg 768w, https:\/\/capsenegal.com\/wp-content\/uploads\/2025\/06\/conv-douane-pad-2-18x12.jpeg 18w, https:\/\/capsenegal.com\/wp-content\/uploads\/2025\/06\/conv-douane-pad-2.jpeg 1080w\" sizes=\"(max-width: 300px) 100vw, 300px\" \/><img loading=\"lazy\" decoding=\"async\" class=\"alignnone size-medium wp-image-5124\" src=\"http:\/\/capsenegal.com\/wp-content\/uploads\/2025\/06\/conv-douane-pad-5-300x216.jpeg\" alt=\"\" width=\"300\" height=\"216\" srcset=\"https:\/\/capsenegal.com\/wp-content\/uploads\/2025\/06\/conv-douane-pad-5-300x216.jpeg 300w, https:\/\/capsenegal.com\/wp-content\/uploads\/2025\/06\/conv-douane-pad-5-1024x736.jpeg 1024w, https:\/\/capsenegal.com\/wp-content\/uploads\/2025\/06\/conv-douane-pad-5-768x552.jpeg 768w, https:\/\/capsenegal.com\/wp-content\/uploads\/2025\/06\/conv-douane-pad-5-18x12.jpeg 18w, https:\/\/capsenegal.com\/wp-content\/uploads\/2025\/06\/conv-douane-pad-5.jpeg 1080w\" sizes=\"(max-width: 300px) 100vw, 300px\" \/><\/p>\n<p>Le Directeur G\u00e9n\u00e9ral du Port Autonome de Dakar a replac\u00e9 ce moment dans le contexte de l&rsquo;Agenda National de Transformation S\u00e9n\u00e9gal 2050.<\/p>\n<p>Le Guichet Unique, cet accord quadripartite doivent contribuer \u00e0 faire du Port un v\u00e9ritable levier de croissance. Ce nouveau Cadre de concertation englobera l&rsquo;ensemble des parties prenantes : Cap S\u00e9n\u00e9gal, les concessionnaires, les op\u00e9rateurs professionnels et les partenaires sous-r\u00e9gionaux dans une approche inclusive et participative.\u00a0 \u00a0 \u00a0 \u00a0 \u00a0 \u00a0 \u00a0 \u00a0 \u00a0 \u00a0 \u00a0 \u00a0 \u00a0 \u00a0 \u00a0 \u00a0 \u00a0 \u00a0 \u00a0 \u00a0 \u00a0 \u00a0 \u00a0 \u00a0 \u00a0 \u00a0 \u00a0 \u00a0 \u00a0 \u00a0 \u00a0<img loading=\"lazy\" decoding=\"async\" class=\"alignnone size-medium wp-image-5125\" src=\"http:\/\/capsenegal.com\/wp-content\/uploads\/2025\/06\/conv-douane-pad-9-300x210.jpeg\" alt=\"\" width=\"300\" height=\"210\" srcset=\"https:\/\/capsenegal.com\/wp-content\/uploads\/2025\/06\/conv-douane-pad-9-300x210.jpeg 300w, https:\/\/capsenegal.com\/wp-content\/uploads\/2025\/06\/conv-douane-pad-9-1024x717.jpeg 1024w, https:\/\/capsenegal.com\/wp-content\/uploads\/2025\/06\/conv-douane-pad-9-768x538.jpeg 768w, https:\/\/capsenegal.com\/wp-content\/uploads\/2025\/06\/conv-douane-pad-9-18x12.jpeg 18w, https:\/\/capsenegal.com\/wp-content\/uploads\/2025\/06\/conv-douane-pad-9.jpeg 1080w\" sizes=\"(max-width: 300px) 100vw, 300px\" \/><img loading=\"lazy\" decoding=\"async\" class=\"alignnone size-medium wp-image-5126\" src=\"http:\/\/capsenegal.com\/wp-content\/uploads\/2025\/06\/conv-douane-pad-3-300x279.jpeg\" alt=\"\" width=\"300\" height=\"279\" srcset=\"https:\/\/capsenegal.com\/wp-content\/uploads\/2025\/06\/conv-douane-pad-3-300x279.jpeg 300w, https:\/\/capsenegal.com\/wp-content\/uploads\/2025\/06\/conv-douane-pad-3-1024x954.jpeg 1024w, https:\/\/capsenegal.com\/wp-content\/uploads\/2025\/06\/conv-douane-pad-3-768x715.jpeg 768w, https:\/\/capsenegal.com\/wp-content\/uploads\/2025\/06\/conv-douane-pad-3-13x12.jpeg 13w, https:\/\/capsenegal.com\/wp-content\/uploads\/2025\/06\/conv-douane-pad-3.jpeg 1080w\" sizes=\"(max-width: 300px) 100vw, 300px\" \/><img loading=\"lazy\" decoding=\"async\" class=\"alignnone size-medium wp-image-5127\" src=\"http:\/\/capsenegal.com\/wp-content\/uploads\/2025\/06\/conv-douane-pad-4-300x200.jpeg\" alt=\"\" width=\"300\" height=\"200\" srcset=\"https:\/\/capsenegal.com\/wp-content\/uploads\/2025\/06\/conv-douane-pad-4-300x200.jpeg 300w, https:\/\/capsenegal.com\/wp-content\/uploads\/2025\/06\/conv-douane-pad-4-1024x683.jpeg 1024w, https:\/\/capsenegal.com\/wp-content\/uploads\/2025\/06\/conv-douane-pad-4-768x512.jpeg 768w, https:\/\/capsenegal.com\/wp-content\/uploads\/2025\/06\/conv-douane-pad-4-18x12.jpeg 18w, https:\/\/capsenegal.com\/wp-content\/uploads\/2025\/06\/conv-douane-pad-4.jpeg 1080w\" sizes=\"(max-width: 300px) 100vw, 300px\" \/><\/p>","protected":false},"excerpt":{"rendered":"<p>Ce mercredi 3 juin 2025, dans la salle de conf\u00e9rence de la Direction G\u00e9n\u00e9rale, le Port Autonome de Dakar (PAD) et la Direction G\u00e9n\u00e9rale des Douanes (DGD) ont scell\u00e9 une double alliance strat\u00e9gique : En effet, deux protocoles d&rsquo;accord ont \u00e9t\u00e9 sign\u00e9s. C&rsquo;est en pr\u00e9sence de Baba Tall pr\u00e9sident de Cap S\u00e9n\u00e9gal, des Directeurs G\u00e9n\u00e9raux [&hellip;]<\/p>\n","protected":false},"author":69,"featured_media":5116,"comment_status":"open","ping_status":"open","sticky":false,"template":"","format":"standard","meta":{"_acf_changed":false,"inline_featured_image":false,"footnotes":""},"categories":[16,10,3],"tags":[],"class_list":["post-5113","post","type-post","status-publish","format-standard","has-post-thumbnail","hentry","category-a-la-une","category-a-propos","category-actualites"],"acf":[],"_links":{"self":[{"href":"https:\/\/capsenegal.com\/en\/wp-json\/wp\/v2\/posts\/5113","targetHints":{"allow":["GET"]}}],"collection":[{"href":"https:\/\/capsenegal.com\/en\/wp-json\/wp\/v2\/posts"}],"about":[{"href":"https:\/\/capsenegal.com\/en\/wp-json\/wp\/v2\/types\/post"}],"author":[{"embeddable":true,"href":"https:\/\/capsenegal.com\/en\/wp-json\/wp\/v2\/users\/69"}],"replies":[{"embeddable":true,"href":"https:\/\/capsenegal.com\/en\/wp-json\/wp\/v2\/comments?post=5113"}],"version-history":[{"count":5,"href":"https:\/\/capsenegal.com\/en\/wp-json\/wp\/v2\/posts\/5113\/revisions"}],"predecessor-version":[{"id":5131,"href":"https:\/\/capsenegal.com\/en\/wp-json\/wp\/v2\/posts\/5113\/revisions\/5131"}],"wp:featuredmedia":[{"embeddable":true,"href":"https:\/\/capsenegal.com\/en\/wp-json\/wp\/v2\/media\/5116"}],"wp:attachment":[{"href":"https:\/\/capsenegal.com\/en\/wp-json\/wp\/v2\/media?parent=5113"}],"wp:term":[{"taxonomy":"category","embeddable":true,"href":"https:\/\/capsenegal.com\/en\/wp-json\/wp\/v2\/categories?post=5113"},{"taxonomy":"post_tag","embeddable":true,"href":"https:\/\/capsenegal.com\/en\/wp-json\/wp\/v2\/tags?post=5113"}],"curies":[{"name":"wp","href":"https:\/\/api.w.org\/{rel}","templated":true}]}}