{"id":5096,"date":"2025-05-28T10:44:38","date_gmt":"2025-05-28T10:44:38","guid":{"rendered":"https:\/\/capsenegal.com\/?p=5096"},"modified":"2026-01-05T09:13:31","modified_gmt":"2026-01-05T09:13:31","slug":"le-corridor-dakar-bamako-sarme-pour-lavenir","status":"publish","type":"post","link":"https:\/\/capsenegal.com\/en\/le-corridor-dakar-bamako-sarme-pour-lavenir\/","title":{"rendered":"LE CORRIDOR DAKAR-BAMAKO S&rsquo;ARME POUR L&rsquo;AVENIR"},"content":{"rendered":"<p>Le Conseil Malien des Chargeurs (CMC) a organis\u00e9 une importante rencontre d&rsquo;Echanges sur la Gestion des Magasinages, Surestaries et les d\u00e9p\u00f4ts en Douanes en partenariat avec le Port Autonome de Dakar et la Communaut\u00e9 des Acteurs Portuaires du S\u00e9n\u00e9gal.<\/p>\n<p><img decoding=\"async\" class=\"alignnone size-medium wp-image-5097\" src=\"http:\/\/capsenegal.com\/wp-content\/uploads\/2025\/05\/bamako1-300x165.jpg\" alt=\"\" width=\"300\" height=\"165\" srcset=\"https:\/\/capsenegal.com\/wp-content\/uploads\/2025\/05\/bamako1-300x165.jpg 300w, https:\/\/capsenegal.com\/wp-content\/uploads\/2025\/05\/bamako1-1024x563.jpg 1024w, https:\/\/capsenegal.com\/wp-content\/uploads\/2025\/05\/bamako1-768x422.jpg 768w, https:\/\/capsenegal.com\/wp-content\/uploads\/2025\/05\/bamako1-18x10.jpg 18w, https:\/\/capsenegal.com\/wp-content\/uploads\/2025\/05\/bamako1.jpg 1280w\" sizes=\"(max-width: 300px) 100vw, 300px\" \/><a href=\"http:\/\/capsenegal.com\/wp-content\/uploads\/2025\/05\/PARTNAT222222.png\"><img decoding=\"async\" class=\"alignnone wp-image-5111\" src=\"http:\/\/capsenegal.com\/wp-content\/uploads\/2025\/05\/PARTNAT222222.png\" alt=\"\" width=\"156\" height=\"225\" srcset=\"https:\/\/capsenegal.com\/wp-content\/uploads\/2025\/05\/PARTNAT222222.png 135w, https:\/\/capsenegal.com\/wp-content\/uploads\/2025\/05\/PARTNAT222222-8x12.png 8w\" sizes=\"(max-width: 156px) 100vw, 156px\" \/><\/a><\/p>\n<p>Cette rencontre permet aux acteurs de red\u00e9finir le cadre commercial de cette zone \u00e9conomique et de r\u00e9orienter la strat\u00e9gie pour un corridor fluide et s\u00e9cure.<\/p>\n<p>Le guichet unique d&rsquo;enl\u00e8vement Portuaire op\u00e9rationnel depuis 2024 et regroupant dans une m\u00eame plateforme Douanes, Transitaires, Transporteurs, Cosec \u2026. va acc\u00e9l\u00e9rer les d\u00e9marches et r\u00e9duire le d\u00e9lai des s\u00e9jours des Marchandises d&rsquo;o\u00f9 un d\u00e9but de solutions sur les longues d\u00e9tentions et les paiements de surestaries.<\/p>\n<p><img fetchpriority=\"high\" decoding=\"async\" class=\"alignnone size-medium wp-image-5100\" src=\"http:\/\/capsenegal.com\/wp-content\/uploads\/2025\/05\/ba4-300x200.jpg\" alt=\"\" width=\"300\" height=\"200\" srcset=\"https:\/\/capsenegal.com\/wp-content\/uploads\/2025\/05\/ba4-300x200.jpg 300w, https:\/\/capsenegal.com\/wp-content\/uploads\/2025\/05\/ba4-1024x682.jpg 1024w, https:\/\/capsenegal.com\/wp-content\/uploads\/2025\/05\/ba4-768x512.jpg 768w, https:\/\/capsenegal.com\/wp-content\/uploads\/2025\/05\/ba4-18x12.jpg 18w, https:\/\/capsenegal.com\/wp-content\/uploads\/2025\/05\/ba4.jpg 1280w\" sizes=\"(max-width: 300px) 100vw, 300px\" \/><\/p>\n<p>&nbsp;<\/p>\n<p>&nbsp;<\/p>\n<p>&nbsp;<\/p>\n<p><img loading=\"lazy\" decoding=\"async\" class=\"alignnone size-medium wp-image-5098\" src=\"http:\/\/capsenegal.com\/wp-content\/uploads\/2025\/05\/ba6-300x200.jpg\" alt=\"\" width=\"300\" height=\"200\" srcset=\"https:\/\/capsenegal.com\/wp-content\/uploads\/2025\/05\/ba6-300x200.jpg 300w, https:\/\/capsenegal.com\/wp-content\/uploads\/2025\/05\/ba6-1024x682.jpg 1024w, https:\/\/capsenegal.com\/wp-content\/uploads\/2025\/05\/ba6-768x512.jpg 768w, https:\/\/capsenegal.com\/wp-content\/uploads\/2025\/05\/ba6-18x12.jpg 18w, https:\/\/capsenegal.com\/wp-content\/uploads\/2025\/05\/ba6.jpg 1280w\" sizes=\"(max-width: 300px) 100vw, 300px\" \/><\/p>\n<p>&nbsp;<\/p>\n<p>&nbsp;<\/p>\n<p>Le Directeur G\u00e9n\u00e9ral du Port Autonome de Dakar en partenariat avec Cap S\u00e9n\u00e9gal s&rsquo;engage \u00e0 offrir aux op\u00e9rateurs maliens et de l&rsquo;AES un axe strat\u00e9gique de comp\u00e9titivit\u00e9 au service du d\u00e9veloppement \u00e9conomique de la sous-r\u00e9gion avec un approvisionnement correct en biens et services.<\/p>\n<p><img loading=\"lazy\" decoding=\"async\" class=\"alignnone size-medium wp-image-5099\" src=\"http:\/\/capsenegal.com\/wp-content\/uploads\/2025\/05\/ba2-300x200.jpg\" alt=\"\" width=\"300\" height=\"200\" srcset=\"https:\/\/capsenegal.com\/wp-content\/uploads\/2025\/05\/ba2-300x200.jpg 300w, https:\/\/capsenegal.com\/wp-content\/uploads\/2025\/05\/ba2-1024x682.jpg 1024w, https:\/\/capsenegal.com\/wp-content\/uploads\/2025\/05\/ba2-768x512.jpg 768w, https:\/\/capsenegal.com\/wp-content\/uploads\/2025\/05\/ba2-18x12.jpg 18w, https:\/\/capsenegal.com\/wp-content\/uploads\/2025\/05\/ba2.jpg 1280w\" sizes=\"(max-width: 300px) 100vw, 300px\" \/><\/p>","protected":false},"excerpt":{"rendered":"<p>Le Conseil Malien des Chargeurs (CMC) a organis\u00e9 une importante rencontre d&rsquo;Echanges sur la Gestion des Magasinages, Surestaries et les d\u00e9p\u00f4ts en Douanes en partenariat avec le Port Autonome de Dakar et la Communaut\u00e9 des Acteurs Portuaires du S\u00e9n\u00e9gal. Cette rencontre permet aux acteurs de red\u00e9finir le cadre commercial de cette zone \u00e9conomique et de [&hellip;]<\/p>\n","protected":false},"author":71,"featured_media":0,"comment_status":"open","ping_status":"open","sticky":false,"template":"","format":"standard","meta":{"_acf_changed":false,"inline_featured_image":false,"footnotes":""},"categories":[16,3],"tags":[],"class_list":["post-5096","post","type-post","status-publish","format-standard","hentry","category-a-la-une","category-actualites"],"acf":[],"_links":{"self":[{"href":"https:\/\/capsenegal.com\/en\/wp-json\/wp\/v2\/posts\/5096","targetHints":{"allow":["GET"]}}],"collection":[{"href":"https:\/\/capsenegal.com\/en\/wp-json\/wp\/v2\/posts"}],"about":[{"href":"https:\/\/capsenegal.com\/en\/wp-json\/wp\/v2\/types\/post"}],"author":[{"embeddable":true,"href":"https:\/\/capsenegal.com\/en\/wp-json\/wp\/v2\/users\/71"}],"replies":[{"embeddable":true,"href":"https:\/\/capsenegal.com\/en\/wp-json\/wp\/v2\/comments?post=5096"}],"version-history":[{"count":2,"href":"https:\/\/capsenegal.com\/en\/wp-json\/wp\/v2\/posts\/5096\/revisions"}],"predecessor-version":[{"id":5112,"href":"https:\/\/capsenegal.com\/en\/wp-json\/wp\/v2\/posts\/5096\/revisions\/5112"}],"wp:attachment":[{"href":"https:\/\/capsenegal.com\/en\/wp-json\/wp\/v2\/media?parent=5096"}],"wp:term":[{"taxonomy":"category","embeddable":true,"href":"https:\/\/capsenegal.com\/en\/wp-json\/wp\/v2\/categories?post=5096"},{"taxonomy":"post_tag","embeddable":true,"href":"https:\/\/capsenegal.com\/en\/wp-json\/wp\/v2\/tags?post=5096"}],"curies":[{"name":"wp","href":"https:\/\/api.w.org\/{rel}","templated":true}]}}